{"id":8401,"date":"2024-04-09T19:02:52","date_gmt":"2024-04-09T19:02:52","guid":{"rendered":"https:\/\/alpencupmx.eu\/?p=8401"},"modified":"2024-04-11T09:52:50","modified_gmt":"2024-04-11T09:52:50","slug":"saisonstart-rietz-infos","status":"publish","type":"post","link":"https:\/\/alpencupmx.eu\/it_it\/saisonstart-rietz-infos\/","title":{"rendered":"Saisonstart Rietz &#8211; Infos"},"content":{"rendered":"<p><strong>UPDATE 11.04.2024<\/strong><\/p>\n<h2>\u26a0\ufe0f\u00a0<strong><mark>ATTENTIONE\u00a0<\/mark><\/strong>\u26a0\ufe0f<\/h2>\n<div>\u27a1\ufe0f Anmeldung f\u00fcr Rietz ist\u00a0nur noch offen\u00a0f\u00fcr Fahrer, welche bereits eine\u00a0<strong>Reservierte Startnummer + Transponder best\u00e4tigt bekommen haben<\/strong>.<\/div>\n<div><\/div>\n<div>\u27a1\ufe0f Wegen der unerwartet sehr hohen Anzahl der Anmeldungen (+430), sind bereits alle Leihtransponder f\u00fcr Gastfahrer zugeteilt.<br \/>\n<strong>Wir haben f\u00fcr Gastfahrer keine Leihtransponder mehr!<\/strong><\/div>\n<div><\/div>\n<div>\u27a1\ufe0f Wir m\u00fcssen in diesem Fall die Fahrer mit Startnummernreservierung ohne Transponder verst\u00e4ndlicherweise bevorzugen.<\/div>\n<div><\/div>\n<div>\u27a1\ufe0f Wenn keine Leih-Transponder mehr da sind, gehen wir nach dem Termin der Anmeldung, bei der Zuteilung.<br \/>\nWer trotz Anmeldung keinen Transponder mehr bekommt, wird von uns per mail informiert.<\/div>\n<p><strong><em>Sorry &amp; Danke f\u00fcr euer Verst\u00e4ndnis!<\/em><\/strong><\/p>\n<p><span style=\"color: #ff0000;\">Bitte lest euch unten noch einmal die INFOS F\u00dcR TEILNEHMER durch, damit es bei der Anmeldung f\u00fcr Alle schneller geht!<\/span><\/p>\n<p>&#8212;&#8212;&#8212;&#8212;&#8212;&#8212;&#8212;&#8212;&#8212;&#8212;&#8212;&#8212;&#8212;&#8212;&#8212;&#8212;&#8212;&#8212;&#8212;&#8212;&#8212;&#8212;&#8212;&#8211;<\/p>\n<p><strong>NEWS vom 09.04.2024<\/strong><\/p>\n<p><strong>Es ist endlich Fr\u00fchling und der Alpencup startet am kommenden Wochenende seine Saison in Rietz, Tirol.<\/strong><\/p>\n<p>Bis heute freuen wir uns \u00fcber die 350 Anmeldungen f\u00fcr unser erstes Rennen!<br \/>\nDer Startnummer &amp; Transponderverkauf hat auch unsere Erwartungen \u00fcbertroffen.<\/p>\n<p><strong>DANKE F\u00dcR EUER VERTRAUEN IN UNS!!!<\/strong><\/p>\n<p><strong><em>EURE ANREGUNGEN \/ UNSERE LAGE \/ WEITERES<\/em><\/strong><br \/>\nNelle ultime settimane abbiamo ricevuto molti feedback positivi, desideri e suggerimenti.<br \/>\nCi sono state molte e-mail, messaggi diretti sui social ecc. e abbiamo provato a rispondere a tutti.<br \/>\nFalls uns mal was durchgerutscht ist, war das Thema wahrscheinlich schon auf der Webseite unter:<br \/>\n- FAQ<br \/>\n- INFORMAZIONI<br \/>\n\u2013 Informazioni sulle gare<\/p>\n<p>erkl\u00e4rt bzw. sollte klar sein.<br \/>\nWir haben uns sehr viel M\u00fche mit der Webpage gemacht, um eben nicht jedem die gleichen Fragen immer wieder beantworten zu m\u00fcssen.<br \/>\nEinzelbetreuung k\u00f6nnen wir leider bei unserer aktuellen Struktur nicht anbieten und sind darauf angewiesen, das ihr aufmerksam seit.<br \/>\nSollte f\u00fcr einen Motocrosser ja eigentlich kein Problem sein <span class=\"cqiun4t2 khvhiq1o r5qsrrlp i5tg98hk iqx13udk przvwfww qiohso4h gfz4du6o r7fjleex nz2484kf svot0ezm dcnh1tix sxl192xd t3g6t33p\"><span class=\"\">????<\/span><\/span><br \/>\nEcco perch\u00e9 dovresti dare un'occhiata al sito web prima di contattarci e di solito la questione verr\u00e0 risolta l\u00ec.<\/p>\n<p><em><strong>Thema Nennlisten<\/strong><\/em><br \/>\nEinige h\u00e4tten sich gew\u00fcnscht, das wir stetig Listen der angemeldeten Teilnehmer im Netz ver\u00f6ffentlichen.<br \/>\nIm Laufe der Saison werden wir den Service wahrscheinlich anbieten k\u00f6nnen, aber vor dem 1. Rennen gab es erst einmal<br \/>\nganz andere Priorit\u00e4ten, um ein Top- Wochenende f\u00fcr euch in Tirol organisieren zu k\u00f6nnen.<\/p>\n<p>Danke f\u00fcr euer Verst\u00e4ndnis, das jeder aus dem Orga-Team, nebenbei auch noch einen Vollzeitjob hat und wir zeitlich ein wenig limitiert sind.<\/p>\n<p><strong><em>Worum mussten wir uns zuerst k\u00fcmmern?<\/em><\/strong><br \/>\nWir haben eine komplett neue RaceResult-Zeitmessanlage gekauft und den Umgang mit dieser musste erstmal erlernt werden.<br \/>\nDie Startnummern und Transponder f\u00fcr die Saison f\u00fcr Hunderte von Fahrern mussten vorbereitet werden, w\u00e4hrend stetig neue Reservierungen reinkamen.<\/p>\n<p><strong><em>Unn\u00f6tige Extra-Arbeit<\/em><\/strong><br \/>\nEinige (und nicht zu wenige) Teilnehmer haben es leider nicht mal geschafft Ihre Bestellnummer in die \u00dcberweisung (obwohl das \u00fcberall klar geschrieben stand) einzuf\u00fcgen,<br \/>\nwas nat\u00fcrlich bei uns unn\u00f6tig Zeit verbraucht hat, die Dinge zuzuordnen.<br \/>\nBitte haltet euch an die beschriebenen Abl\u00e4ufe, dann helft Ihr uns f\u00fcr sowas weniger Zeit zu verschwenden und wir k\u00f6nnen uns auf Dinge konzentrieren, welche den Event weiterbringen (z.b. Nennlisten updates vor den Rennen)<\/p>\n<p><em><strong>Ein neuer Start und die Entwicklung<\/strong><\/em><br \/>\nDie gesamte Saisonvorbereitung des &#8222;Neuen Alpencups&#8220; hat sehr viel Zeit in Anspruch genommen und deshalb mussten wir bei einigen Dingen, verst\u00e4ndlicherweise Abstriche machen, um uns auf das Wesentliche zu konzentrieren.<br \/>\nWir steigern uns dann im Lauf der Saison, in den noch offenen Punkten und glauben, das jeder versteht, das wir bei 9 Rennen mit Hunderten von Fahrern in unserer ersten Saison im Detail nicht so performen werden, wie eine<br \/>\nSerie, welche seit zig Jahren l\u00e4uft.<br \/>\nUnser Anspruch f\u00fcr euch ist jedoch auch in der ersten Saison schon vieles besser zu machen als bei anderen Serien, welche schon seit Jahren laufen!<br \/>\nOb uns das gelingt werden wir um Oktober wissen und sicher bei der Siegerehrung der Serie in Italien von vielen von Euch erfahren.<\/p>\n<p>Wichtig f\u00fcr uns ist erstmal, das grunds\u00e4tzlich f\u00fcr die Rennwochenenden alles vom Ablauf und der Orga her so steht, das Ihr einen einfachen, reibungslosen Ablauf bei der Anmeldung habt und euch auf den Spass beim Fahren konzentrieren k\u00f6nnt.<\/p>\n<p>Wir bitten euch zudem am Anfang auch etwas Geduld und Verst\u00e4ndnis mitzubringen, wenn es mal nicht so l\u00e4uft wie Ihr denkt oder manches etwas l\u00e4nger dauert und auch individuell gekl\u00e4rt werden muss.<br \/>\nImmer cool bleiben&#8230; Wir werden f\u00fcr Alles eine L\u00f6sung finden ????<\/p>\n<h2><strong>INFOS F\u00dcR TEILNEHMER<\/strong><\/h2>\n<h4><span style=\"text-decoration: underline;\"><strong><span style=\"font-size: 14pt;\">DISCLAIMER<\/span><\/strong><\/span><br \/>\n<span style=\"font-size: 14pt;\">L'esclusione di responsabilit\u00e0 per <u>STAMPA TE STESSO<\/u> puoi trovare \u27a1\ufe0f\u00a0<a href=\"https:\/\/alpencupmx.eu\/wp-content\/uploads\/2024\/03\/Haftungsausschluss_Alpencup_MX-Rennserie_ITA.pdf\" data-cke-saved-href=\"https:\/\/alpencupmx.eu\/wp-content\/uploads\/2024\/03\/Haftungsausschluss-Alpencup-MX-Rennserie.pdf\">Qui<\/a><\/span><br \/>\n<span style=\"font-size: 14pt;\"><strong>Vi preghiamo di stamparlo e di portarlo compilato con voi al momento della registrazione in loco.<\/strong><\/span><br \/>\n<span style=\"font-size: 14pt;\">In questo modo risparmierai a te e ad altri inutili tempi di attesa al momento della registrazione e aiuterai il nostro team organizzativo.<\/span><\/h4>\n<h3><strong>Die Anmeldegeb\u00fchr f\u00fcr eure Rennen wird vor Ort in Bar entrichtet.\u00a0<\/strong><\/h3>\n<p>Falls Du eine <em>Numero di partenza desiderato<\/em> angegeben hast, bedeutet dies nicht, das wir diese Nummer auch zur Verf\u00fcgung stellen k\u00f6nnen.<br \/>\nWenn die Nummer noch frei ist, werden wir diese wie gew\u00fcnscht zuteilen. Falls vergeben, werden wir vor Ort bei der Anmeldung eine gute L\u00f6sung finden.<\/p>\n<p><strong>NUMERI DI PARTENZA RISERVATI CON\/SENZA TRANSPONDER<br \/>\n<\/strong>Ogni pilota che ha prenotato in anticipo un numero di partenza con\/senza transponder,<br \/>\nmuss seine Reservierungsbest\u00e4tigung (Ticket mit QR Code) mit zur Anmeldung bringen!<\/p>\n<p><strong>WEITERE INFOS<\/strong><\/p>\n<ul>\n<li>Alle Infos zu dem Rennen findest du hier: <a href=\"https:\/\/alpencupmx.eu\/it_it\/rietz-2024\/\" data-cke-saved-href=\"https:\/\/alpencupmx.eu\/rietz-2024\/\">https:\/\/alpencupmx.eu\/rietz-2024\/<\/a><\/li>\n<\/ul>\n<p><em>Bitte Termin Nennschluss &amp; Regel Nachnennung auf der Seite beachten.<br \/>\nZudem findet ihr dort alles was ihr sonst noch wissen m\u00fcsst.<\/em><\/p>\n<ul>\n<li>Alle Infos zum Alpencup (Regeln, Ablauf, etc.) findest du hier:\u00a0<a href=\"https:\/\/alpencupmx.eu\/it_it\/info\/\" data-cke-saved-href=\"https:\/\/alpencupmx.eu\/info\/\">https:\/\/alpencupmx.eu\/info\/<\/a><\/li>\n<li>Du hast noch Fragen? Schau dir unsere FAQ Seite an:\u00a0<a href=\"https:\/\/alpencupmx.eu\/it_it\/faq\/\" data-cke-saved-href=\"https:\/\/alpencupmx.eu\/faq\/\">https:\/\/alpencupmx.eu\/faq\/<\/a><\/li>\n<\/ul>\n<p><strong>VOR ORT ANMELDUNG<\/strong><\/p>\n<p>Wer sich morgens spontan entscheidet racen zu wollen ist nat\u00fcrlich willkommen und kann ohne Online Anmeldung spontan zu folgenden Zeiten sich einschreiben.<br \/>\nFREITAG: 18:00 \u2013 20:00<br \/>\nSAMSTAG: 06:30 \u2013 08:00 | 18:00 \u2013 20:00<br \/>\nDOMENICA: 06:30 \u2013 08:00<\/p>\n<p><em><strong>Bis Freitag, Samstag oder Sonntag in Rietz &#8211; Eurer Alpencup Team<\/strong><\/em><\/p>","protected":false},"excerpt":{"rendered":"<p>UPDATE 11.04.2024 \u26a0\ufe0f\u00a0ACHTUNG\u00a0\u26a0\ufe0f \u27a1\ufe0f Anmeldung f\u00fcr Rietz ist\u00a0nur noch offen\u00a0f\u00fcr Fahrer, welche bereits eine\u00a0Reservierte Startnummer + Transponder best\u00e4tigt bekommen haben. \u27a1\ufe0f Wegen der unerwartet sehr hohen Anzahl der Anmeldungen (+430),&#8230;<\/p>","protected":false},"author":1,"featured_media":6202,"comment_status":"closed","ping_status":"closed","sticky":false,"template":"","format":"standard","meta":{"footnotes":""},"categories":[42,146],"tags":[],"class_list":{"0":"post-8401","1":"post","2":"type-post","3":"status-publish","4":"format-standard","5":"has-post-thumbnail","7":"category-news","8":"category-rennablauf"},"yoast_head":"<!-- This site is optimized with the Yoast SEO plugin v27.4 - https:\/\/yoast.com\/product\/yoast-seo-wordpress\/ -->\n<title>Saisonstart Rietz - Infos - Alpencup Motocross<\/title>\n<meta name=\"description\" content=\"Es ist endlich Fr\u00fchling und der Alpencup startet am kommenden Wochenende seine Saison in Rietz, Tirol.Bis heute freuen wir uns \u00fcber die 350 Anmeldungen f\u00fcr unser erstes Rennen!\u00a0Der Startnummer &amp; Transponderverkauf hat auch unsere Erwartungen \u00fcbertroffen.\" \/>\n<meta name=\"robots\" content=\"index, follow, max-snippet:-1, max-image-preview:large, max-video-preview:-1\" \/>\n<link rel=\"canonical\" href=\"https:\/\/alpencupmx.eu\/it_it\/saisonstart-rietz-infos\/\" \/>\n<meta property=\"og:locale\" content=\"it_IT\" \/>\n<meta property=\"og:type\" content=\"article\" \/>\n<meta property=\"og:title\" content=\"Saisonstart Rietz - Infos - Alpencup Motocross\" \/>\n<meta property=\"og:description\" content=\"Es ist endlich Fr\u00fchling und der Alpencup startet am kommenden Wochenende seine Saison in Rietz, Tirol.Bis heute freuen wir uns \u00fcber die 350 Anmeldungen f\u00fcr unser erstes Rennen!\u00a0Der Startnummer &amp; Transponderverkauf hat auch unsere Erwartungen \u00fcbertroffen.\" \/>\n<meta property=\"og:url\" content=\"https:\/\/alpencupmx.eu\/it_it\/saisonstart-rietz-infos\/\" \/>\n<meta property=\"og:site_name\" content=\"Alpencup Motocross\" \/>\n<meta property=\"article:published_time\" content=\"2024-04-09T19:02:52+00:00\" \/>\n<meta property=\"article:modified_time\" content=\"2024-04-11T09:52:50+00:00\" \/>\n<meta property=\"og:image\" content=\"https:\/\/alpencupmx.eu\/wp-content\/uploads\/2023\/12\/DSC_1885.jpg\" \/>\n\t<meta property=\"og:image:width\" content=\"1280\" \/>\n\t<meta property=\"og:image:height\" content=\"855\" \/>\n\t<meta property=\"og:image:type\" content=\"image\/jpeg\" \/>\n<meta name=\"author\" content=\"admin\" \/>\n<meta name=\"twitter:card\" content=\"summary_large_image\" \/>\n<meta name=\"twitter:label1\" content=\"Scritto da\" \/>\n\t<meta name=\"twitter:data1\" content=\"\" \/>\n\t<meta name=\"twitter:label2\" content=\"Tempo di lettura stimato\" \/>\n\t<meta name=\"twitter:data2\" content=\"6 minuti\" \/>\n<script type=\"application\/ld+json\" class=\"yoast-schema-graph\">{\"@context\":\"https:\\\/\\\/schema.org\",\"@graph\":[{\"@type\":\"Article\",\"@id\":\"https:\\\/\\\/alpencupmx.eu\\\/saisonstart-rietz-infos\\\/#article\",\"isPartOf\":{\"@id\":\"https:\\\/\\\/alpencupmx.eu\\\/saisonstart-rietz-infos\\\/\"},\"author\":{\"name\":\"admin\",\"@id\":\"https:\\\/\\\/alpencupmx.eu\\\/#\\\/schema\\\/person\\\/44406eb2972b66a149aef8ba4ffc131c\"},\"headline\":\"Saisonstart Rietz &#8211; Infos\",\"datePublished\":\"2024-04-09T19:02:52+00:00\",\"dateModified\":\"2024-04-11T09:52:50+00:00\",\"mainEntityOfPage\":{\"@id\":\"https:\\\/\\\/alpencupmx.eu\\\/saisonstart-rietz-infos\\\/\"},\"wordCount\":975,\"image\":{\"@id\":\"https:\\\/\\\/alpencupmx.eu\\\/saisonstart-rietz-infos\\\/#primaryimage\"},\"thumbnailUrl\":\"https:\\\/\\\/alpencupmx.eu\\\/wp-content\\\/uploads\\\/2023\\\/12\\\/DSC_1885.jpg\",\"articleSection\":[\"News\",\"Rennablauf\"],\"inLanguage\":\"it-IT\"},{\"@type\":\"WebPage\",\"@id\":\"https:\\\/\\\/alpencupmx.eu\\\/saisonstart-rietz-infos\\\/\",\"url\":\"https:\\\/\\\/alpencupmx.eu\\\/saisonstart-rietz-infos\\\/\",\"name\":\"Saisonstart Rietz - Infos - Alpencup Motocross\",\"isPartOf\":{\"@id\":\"https:\\\/\\\/alpencupmx.eu\\\/#website\"},\"primaryImageOfPage\":{\"@id\":\"https:\\\/\\\/alpencupmx.eu\\\/saisonstart-rietz-infos\\\/#primaryimage\"},\"image\":{\"@id\":\"https:\\\/\\\/alpencupmx.eu\\\/saisonstart-rietz-infos\\\/#primaryimage\"},\"thumbnailUrl\":\"https:\\\/\\\/alpencupmx.eu\\\/wp-content\\\/uploads\\\/2023\\\/12\\\/DSC_1885.jpg\",\"datePublished\":\"2024-04-09T19:02:52+00:00\",\"dateModified\":\"2024-04-11T09:52:50+00:00\",\"author\":{\"@id\":\"https:\\\/\\\/alpencupmx.eu\\\/#\\\/schema\\\/person\\\/44406eb2972b66a149aef8ba4ffc131c\"},\"description\":\"Es ist endlich Fr\u00fchling und der Alpencup startet am kommenden Wochenende seine Saison in Rietz, Tirol.Bis heute freuen wir uns \u00fcber die 350 Anmeldungen f\u00fcr unser erstes Rennen!\u00a0Der Startnummer & Transponderverkauf hat auch unsere Erwartungen \u00fcbertroffen.\",\"breadcrumb\":{\"@id\":\"https:\\\/\\\/alpencupmx.eu\\\/saisonstart-rietz-infos\\\/#breadcrumb\"},\"inLanguage\":\"it-IT\",\"potentialAction\":[{\"@type\":\"ReadAction\",\"target\":[\"https:\\\/\\\/alpencupmx.eu\\\/saisonstart-rietz-infos\\\/\"]}]},{\"@type\":\"ImageObject\",\"inLanguage\":\"it-IT\",\"@id\":\"https:\\\/\\\/alpencupmx.eu\\\/saisonstart-rietz-infos\\\/#primaryimage\",\"url\":\"https:\\\/\\\/alpencupmx.eu\\\/wp-content\\\/uploads\\\/2023\\\/12\\\/DSC_1885.jpg\",\"contentUrl\":\"https:\\\/\\\/alpencupmx.eu\\\/wp-content\\\/uploads\\\/2023\\\/12\\\/DSC_1885.jpg\",\"width\":1280,\"height\":855,\"caption\":\"Alpencup Rietz 2024 - Event Bild\"},{\"@type\":\"BreadcrumbList\",\"@id\":\"https:\\\/\\\/alpencupmx.eu\\\/saisonstart-rietz-infos\\\/#breadcrumb\",\"itemListElement\":[{\"@type\":\"ListItem\",\"position\":1,\"name\":\"Startseite\",\"item\":\"https:\\\/\\\/alpencupmx.eu\\\/\"},{\"@type\":\"ListItem\",\"position\":2,\"name\":\"Saisonstart Rietz &#8211; Infos\"}]},{\"@type\":\"WebSite\",\"@id\":\"https:\\\/\\\/alpencupmx.eu\\\/#website\",\"url\":\"https:\\\/\\\/alpencupmx.eu\\\/\",\"name\":\"Alpencup Motocross\",\"description\":\"Event Serie\",\"potentialAction\":[{\"@type\":\"SearchAction\",\"target\":{\"@type\":\"EntryPoint\",\"urlTemplate\":\"https:\\\/\\\/alpencupmx.eu\\\/?s={search_term_string}\"},\"query-input\":{\"@type\":\"PropertyValueSpecification\",\"valueRequired\":true,\"valueName\":\"search_term_string\"}}],\"inLanguage\":\"it-IT\"},{\"@type\":\"Person\",\"@id\":\"https:\\\/\\\/alpencupmx.eu\\\/#\\\/schema\\\/person\\\/44406eb2972b66a149aef8ba4ffc131c\",\"name\":\"admin\",\"image\":{\"@type\":\"ImageObject\",\"inLanguage\":\"it-IT\",\"@id\":\"https:\\\/\\\/secure.gravatar.com\\\/avatar\\\/e5f0b4bafda3c5c3f53cf2e2a794bb775dec1e9d845f3c4a15d59a6af63d7e61?s=96&d=blank&r=g\",\"url\":\"https:\\\/\\\/secure.gravatar.com\\\/avatar\\\/e5f0b4bafda3c5c3f53cf2e2a794bb775dec1e9d845f3c4a15d59a6af63d7e61?s=96&d=blank&r=g\",\"contentUrl\":\"https:\\\/\\\/secure.gravatar.com\\\/avatar\\\/e5f0b4bafda3c5c3f53cf2e2a794bb775dec1e9d845f3c4a15d59a6af63d7e61?s=96&d=blank&r=g\",\"caption\":\"admin\"},\"sameAs\":[\"http:\\\/\\\/alpencupmx.eu\"],\"url\":\"https:\\\/\\\/alpencupmx.eu\\\/it_it\\\/author\\\/admin\\\/\"}]}<\/script>\n<!-- \/ Yoast SEO plugin. -->","yoast_head_json":{"title":"Saisonstart Rietz - Infos - Alpencup Motocross","description":"Es ist endlich Fr\u00fchling und der Alpencup startet am kommenden Wochenende seine Saison in Rietz, Tirol.Bis heute freuen wir uns \u00fcber die 350 Anmeldungen f\u00fcr unser erstes Rennen!\u00a0Der Startnummer & Transponderverkauf hat auch unsere Erwartungen \u00fcbertroffen.","robots":{"index":"index","follow":"follow","max-snippet":"max-snippet:-1","max-image-preview":"max-image-preview:large","max-video-preview":"max-video-preview:-1"},"canonical":"https:\/\/alpencupmx.eu\/it_it\/saisonstart-rietz-infos\/","og_locale":"it_IT","og_type":"article","og_title":"Saisonstart Rietz - Infos - Alpencup Motocross","og_description":"Es ist endlich Fr\u00fchling und der Alpencup startet am kommenden Wochenende seine Saison in Rietz, Tirol.Bis heute freuen wir uns \u00fcber die 350 Anmeldungen f\u00fcr unser erstes Rennen!\u00a0Der Startnummer & Transponderverkauf hat auch unsere Erwartungen \u00fcbertroffen.","og_url":"https:\/\/alpencupmx.eu\/it_it\/saisonstart-rietz-infos\/","og_site_name":"Alpencup Motocross","article_published_time":"2024-04-09T19:02:52+00:00","article_modified_time":"2024-04-11T09:52:50+00:00","og_image":[{"width":1280,"height":855,"url":"https:\/\/alpencupmx.eu\/wp-content\/uploads\/2023\/12\/DSC_1885.jpg","type":"image\/jpeg"}],"author":"admin","twitter_card":"summary_large_image","twitter_misc":{"Scritto da":false,"Tempo di lettura stimato":"6 minuti"},"schema":{"@context":"https:\/\/schema.org","@graph":[{"@type":"Article","@id":"https:\/\/alpencupmx.eu\/saisonstart-rietz-infos\/#article","isPartOf":{"@id":"https:\/\/alpencupmx.eu\/saisonstart-rietz-infos\/"},"author":{"name":"admin","@id":"https:\/\/alpencupmx.eu\/#\/schema\/person\/44406eb2972b66a149aef8ba4ffc131c"},"headline":"Saisonstart Rietz &#8211; Infos","datePublished":"2024-04-09T19:02:52+00:00","dateModified":"2024-04-11T09:52:50+00:00","mainEntityOfPage":{"@id":"https:\/\/alpencupmx.eu\/saisonstart-rietz-infos\/"},"wordCount":975,"image":{"@id":"https:\/\/alpencupmx.eu\/saisonstart-rietz-infos\/#primaryimage"},"thumbnailUrl":"https:\/\/alpencupmx.eu\/wp-content\/uploads\/2023\/12\/DSC_1885.jpg","articleSection":["News","Rennablauf"],"inLanguage":"it-IT"},{"@type":"WebPage","@id":"https:\/\/alpencupmx.eu\/saisonstart-rietz-infos\/","url":"https:\/\/alpencupmx.eu\/saisonstart-rietz-infos\/","name":"Saisonstart Rietz - Infos - Alpencup Motocross","isPartOf":{"@id":"https:\/\/alpencupmx.eu\/#website"},"primaryImageOfPage":{"@id":"https:\/\/alpencupmx.eu\/saisonstart-rietz-infos\/#primaryimage"},"image":{"@id":"https:\/\/alpencupmx.eu\/saisonstart-rietz-infos\/#primaryimage"},"thumbnailUrl":"https:\/\/alpencupmx.eu\/wp-content\/uploads\/2023\/12\/DSC_1885.jpg","datePublished":"2024-04-09T19:02:52+00:00","dateModified":"2024-04-11T09:52:50+00:00","author":{"@id":"https:\/\/alpencupmx.eu\/#\/schema\/person\/44406eb2972b66a149aef8ba4ffc131c"},"description":"Es ist endlich Fr\u00fchling und der Alpencup startet am kommenden Wochenende seine Saison in Rietz, Tirol.Bis heute freuen wir uns \u00fcber die 350 Anmeldungen f\u00fcr unser erstes Rennen!\u00a0Der Startnummer & Transponderverkauf hat auch unsere Erwartungen \u00fcbertroffen.","breadcrumb":{"@id":"https:\/\/alpencupmx.eu\/saisonstart-rietz-infos\/#breadcrumb"},"inLanguage":"it-IT","potentialAction":[{"@type":"ReadAction","target":["https:\/\/alpencupmx.eu\/saisonstart-rietz-infos\/"]}]},{"@type":"ImageObject","inLanguage":"it-IT","@id":"https:\/\/alpencupmx.eu\/saisonstart-rietz-infos\/#primaryimage","url":"https:\/\/alpencupmx.eu\/wp-content\/uploads\/2023\/12\/DSC_1885.jpg","contentUrl":"https:\/\/alpencupmx.eu\/wp-content\/uploads\/2023\/12\/DSC_1885.jpg","width":1280,"height":855,"caption":"Alpencup Rietz 2024 - Event Bild"},{"@type":"BreadcrumbList","@id":"https:\/\/alpencupmx.eu\/saisonstart-rietz-infos\/#breadcrumb","itemListElement":[{"@type":"ListItem","position":1,"name":"Startseite","item":"https:\/\/alpencupmx.eu\/"},{"@type":"ListItem","position":2,"name":"Saisonstart Rietz &#8211; Infos"}]},{"@type":"WebSite","@id":"https:\/\/alpencupmx.eu\/#website","url":"https:\/\/alpencupmx.eu\/","name":"Alpencup Motocross","description":"Event Serie","potentialAction":[{"@type":"SearchAction","target":{"@type":"EntryPoint","urlTemplate":"https:\/\/alpencupmx.eu\/?s={search_term_string}"},"query-input":{"@type":"PropertyValueSpecification","valueRequired":true,"valueName":"search_term_string"}}],"inLanguage":"it-IT"},{"@type":"Person","@id":"https:\/\/alpencupmx.eu\/#\/schema\/person\/44406eb2972b66a149aef8ba4ffc131c","name":"admin","image":{"@type":"ImageObject","inLanguage":"it-IT","@id":"https:\/\/secure.gravatar.com\/avatar\/e5f0b4bafda3c5c3f53cf2e2a794bb775dec1e9d845f3c4a15d59a6af63d7e61?s=96&d=blank&r=g","url":"https:\/\/secure.gravatar.com\/avatar\/e5f0b4bafda3c5c3f53cf2e2a794bb775dec1e9d845f3c4a15d59a6af63d7e61?s=96&d=blank&r=g","contentUrl":"https:\/\/secure.gravatar.com\/avatar\/e5f0b4bafda3c5c3f53cf2e2a794bb775dec1e9d845f3c4a15d59a6af63d7e61?s=96&d=blank&r=g","caption":"admin"},"sameAs":["http:\/\/alpencupmx.eu"],"url":"https:\/\/alpencupmx.eu\/it_it\/author\/admin\/"}]}},"_links":{"self":[{"href":"https:\/\/alpencupmx.eu\/it_it\/wp-json\/wp\/v2\/posts\/8401","targetHints":{"allow":["GET"]}}],"collection":[{"href":"https:\/\/alpencupmx.eu\/it_it\/wp-json\/wp\/v2\/posts"}],"about":[{"href":"https:\/\/alpencupmx.eu\/it_it\/wp-json\/wp\/v2\/types\/post"}],"author":[{"embeddable":true,"href":"https:\/\/alpencupmx.eu\/it_it\/wp-json\/wp\/v2\/users\/1"}],"replies":[{"embeddable":true,"href":"https:\/\/alpencupmx.eu\/it_it\/wp-json\/wp\/v2\/comments?post=8401"}],"version-history":[{"count":10,"href":"https:\/\/alpencupmx.eu\/it_it\/wp-json\/wp\/v2\/posts\/8401\/revisions"}],"predecessor-version":[{"id":8444,"href":"https:\/\/alpencupmx.eu\/it_it\/wp-json\/wp\/v2\/posts\/8401\/revisions\/8444"}],"wp:featuredmedia":[{"embeddable":true,"href":"https:\/\/alpencupmx.eu\/it_it\/wp-json\/wp\/v2\/media\/6202"}],"wp:attachment":[{"href":"https:\/\/alpencupmx.eu\/it_it\/wp-json\/wp\/v2\/media?parent=8401"}],"wp:term":[{"taxonomy":"category","embeddable":true,"href":"https:\/\/alpencupmx.eu\/it_it\/wp-json\/wp\/v2\/categories?post=8401"},{"taxonomy":"post_tag","embeddable":true,"href":"https:\/\/alpencupmx.eu\/it_it\/wp-json\/wp\/v2\/tags?post=8401"}],"curies":[{"name":"wp","href":"https:\/\/api.w.org\/{rel}","templated":true}]}}