{"id":6684,"date":"2025-02-07T18:12:31","date_gmt":"2025-02-07T18:12:31","guid":{"rendered":"https:\/\/alpencupmx.eu\/?p=6684"},"modified":"2025-02-19T10:44:21","modified_gmt":"2025-02-19T10:44:21","slug":"weber-werke-alpencup-deal-2025","status":"publish","type":"post","link":"https:\/\/alpencupmx.eu\/it_it\/weber-werke-alpencup-deal-2025\/","title":{"rendered":"Weber Werke &#8211; Alpencup DEAL"},"content":{"rendered":"<div id=\"fws_69ee14a857e7f\"  data-column-margin=\"default\" data-midnight=\"light\" data-top-percent=\"1%\" data-bottom-percent=\"1%\"  class=\"wpb_row vc_row-fluid vc_row full-width-section\"  style=\"padding-top: calc(100vw * 0.01); padding-bottom: calc(100vw * 0.01); \"><div class=\"row-bg-wrap\" data-bg-animation=\"none\" data-bg-animation-delay=\"\" data-bg-overlay=\"false\"><div class=\"inner-wrap row-bg-layer\" ><div class=\"row-bg viewport-desktop\"  style=\"\"><\/div><\/div><\/div><div class=\"nectar-shape-divider-wrap\" style=\" height:40%;\" data-using-percent-val=\"true\" data-height=\"40%\" data-front=\"\" data-style=\"straight_section\" data-position=\"bottom\" ><svg class=\"nectar-shape-divider\" aria-hidden=\"true\" fill=\"#3452ff\" xmlns=\"http:\/\/www.w3.org\/2000\/svg\" viewbox=\"0 0 100 10\" preserveaspectratio=\"none\"> <polygon points=\"104 10, 104 0, 0 0, 0 10\"><\/polygon> <\/svg><\/div><div class=\"row_col_wrap_12 col span_12 light left\">\n\t<div  class=\"vc_col-sm-12 wpb_column column_container vc_column_container col has-animation padding-2-percent inherit_tablet inherit_phone\"  data-padding-pos=\"all\" data-has-bg-color=\"false\" data-bg-color=\"\" data-bg-opacity=\"1\" data-animation=\"fade-in\" data-delay=\"0\" >\n\t\t<div class=\"vc_column-inner\" >\n\t\t\t<div class=\"wpb_wrapper\">\n\t\t\t\t<div id=\"fws_69ee14a85919b\" data-midnight=\"\" data-column-margin=\"none\" class=\"wpb_row vc_row-fluid vc_row inner_row vc_row-o-equal-height vc_row-flex vc_row-o-content-bottom\"  style=\"\"><div class=\"row-bg-wrap\"> <div class=\"row-bg\" ><\/div> <\/div><div class=\"row_col_wrap_12_inner col span_12  left\">\n\t<div  class=\"vc_col-sm-6 vc_col-xs-6 wpb_column column_container vc_column_container col child_column padding-1-percent inherit_tablet inherit_phone\"   data-padding-pos=\"all\" data-has-bg-color=\"false\" data-bg-color=\"\" data-bg-opacity=\"1\" data-animation=\"\" data-delay=\"0\" >\n\t\t<div class=\"vc_column-inner\" >\n\t\t<div class=\"wpb_wrapper\">\n\t\t\t<div class=\"img-with-aniamtion-wrap\" data-max-width=\"100%\" data-max-width-mobile=\"default\" data-shadow=\"x_large_depth\" data-animation=\"none\" >\n      <div class=\"inner\">\n        <div class=\"hover-wrap\"> \n          <div class=\"hover-wrap-inner\">\n            <a href=\"https:\/\/weber-werke.de\/weber-werkeholics-tankmatten\" target=\"_blank\" class=\"\">\n              <img loading=\"lazy\" decoding=\"async\" class=\"img-with-animation skip-lazy\" data-delay=\"0\" height=\"1170\" width=\"1200\" data-animation=\"none\" src=\"https:\/\/alpencupmx.eu\/wp-content\/uploads\/2024\/02\/weber_shop_Tankmatte_weiss.jpg\" alt=\"Weber Werke Tankmatte\" srcset=\"https:\/\/alpencupmx.eu\/wp-content\/uploads\/2024\/02\/weber_shop_Tankmatte_weiss.jpg 1200w, https:\/\/alpencupmx.eu\/wp-content\/uploads\/2024\/02\/weber_shop_Tankmatte_weiss-600x585.jpg 600w, https:\/\/alpencupmx.eu\/wp-content\/uploads\/2024\/02\/weber_shop_Tankmatte_weiss-300x293.jpg 300w, https:\/\/alpencupmx.eu\/wp-content\/uploads\/2024\/02\/weber_shop_Tankmatte_weiss-1024x998.jpg 1024w, https:\/\/alpencupmx.eu\/wp-content\/uploads\/2024\/02\/weber_shop_Tankmatte_weiss-768x749.jpg 768w, https:\/\/alpencupmx.eu\/wp-content\/uploads\/2024\/02\/weber_shop_Tankmatte_weiss-12x12.jpg 12w\" sizes=\"auto, (max-width: 1200px) 100vw, 1200px\" \/>\n            <\/a>\n          <\/div>\n        <\/div>\n        \n      <\/div>\n      <\/div>\n\t\t<\/div> \n\t<\/div>\n\t<\/div> \n\n\t<div  class=\"vc_col-sm-6 vc_col-xs-4 wpb_column column_container vc_column_container col child_column padding-1-percent inherit_tablet inherit_phone\"   data-padding-pos=\"all\" data-has-bg-color=\"false\" data-bg-color=\"\" data-bg-opacity=\"1\" data-animation=\"\" data-delay=\"0\" >\n\t\t<div class=\"vc_column-inner\" >\n\t\t<div class=\"wpb_wrapper\">\n\t\t\t<div class=\"img-with-aniamtion-wrap\" data-max-width=\"100%\" data-max-width-mobile=\"default\" data-shadow=\"none\" data-animation=\"none\" >\n      <div class=\"inner\">\n        <div class=\"hover-wrap\"> \n          <div class=\"hover-wrap-inner\">\n            <a href=\"https:\/\/weber-werke.de\/weber-werkeholics-tankmatten\" target=\"_blank\" class=\"\">\n              <img loading=\"lazy\" decoding=\"async\" class=\"img-with-animation skip-lazy\" data-delay=\"0\" height=\"1170\" width=\"1200\" data-animation=\"none\" src=\"https:\/\/alpencupmx.eu\/wp-content\/uploads\/2024\/02\/weber-werkeholics-tankmatten.webp\" alt=\"Weber Werke Tankmatte - Alpencup Discount\" srcset=\"https:\/\/alpencupmx.eu\/wp-content\/uploads\/2024\/02\/weber-werkeholics-tankmatten.webp 1200w, https:\/\/alpencupmx.eu\/wp-content\/uploads\/2024\/02\/weber-werkeholics-tankmatten-600x585.webp 600w, https:\/\/alpencupmx.eu\/wp-content\/uploads\/2024\/02\/weber-werkeholics-tankmatten-300x293.webp 300w, https:\/\/alpencupmx.eu\/wp-content\/uploads\/2024\/02\/weber-werkeholics-tankmatten-1024x998.webp 1024w, https:\/\/alpencupmx.eu\/wp-content\/uploads\/2024\/02\/weber-werkeholics-tankmatten-768x749.webp 768w, https:\/\/alpencupmx.eu\/wp-content\/uploads\/2024\/02\/weber-werkeholics-tankmatten-12x12.webp 12w\" sizes=\"auto, (max-width: 1200px) 100vw, 1200px\" \/>\n            <\/a>\n          <\/div>\n        <\/div>\n        \n      <\/div>\n      <\/div>\n\t\t<\/div> \n\t<\/div>\n\t<\/div> \n<\/div><\/div><div id=\"fws_69ee14a85bdd6\" data-midnight=\"\" data-column-margin=\"none\" class=\"wpb_row vc_row-fluid vc_row inner_row vc_row-o-equal-height vc_row-flex vc_row-o-content-top\"  style=\"padding-bottom: 4%; \"><div class=\"row-bg-wrap\"> <div class=\"row-bg\" ><\/div> <\/div><div class=\"row_col_wrap_12_inner col span_12  left\">\n\t<div  class=\"vc_col-sm-3 vc_col-xs-1 wpb_column column_container vc_column_container col child_column padding-2-percent inherit_tablet inherit_phone\"   data-padding-pos=\"all\" data-has-bg-color=\"false\" data-bg-color=\"\" data-bg-opacity=\"1\" data-animation=\"\" data-delay=\"0\" >\n\t\t<div class=\"vc_column-inner\" >\n\t\t<div class=\"wpb_wrapper\">\n\t\t\t<div class=\"img-with-aniamtion-wrap\" data-max-width=\"100%\" data-max-width-mobile=\"default\" data-shadow=\"x_large_depth\" data-animation=\"none\" >\n      <div class=\"inner\">\n        <div class=\"hover-wrap\"> \n          <div class=\"hover-wrap-inner\">\n            <a href=\"https:\/\/weber-werke.de\/Weber-Werkeholics-Easy-Up-Zelt-3-x-3-m-inkl-3-Seitenwaende-grau\" target=\"_blank\" class=\"\">\n              <img loading=\"lazy\" decoding=\"async\" class=\"img-with-animation skip-lazy\" data-delay=\"0\" height=\"2560\" width=\"1707\" data-animation=\"none\" src=\"https:\/\/alpencupmx.eu\/wp-content\/uploads\/2024\/02\/weber_zelt_grau_anwendung_001-scaled.jpg\" alt=\"Weber Werke - Fahrerlager Zelt - Weiss Lifestyle\" srcset=\"https:\/\/alpencupmx.eu\/wp-content\/uploads\/2024\/02\/weber_zelt_grau_anwendung_001-scaled.jpg 1707w, https:\/\/alpencupmx.eu\/wp-content\/uploads\/2024\/02\/weber_zelt_grau_anwendung_001-scaled-600x900.jpg 600w, https:\/\/alpencupmx.eu\/wp-content\/uploads\/2024\/02\/weber_zelt_grau_anwendung_001-200x300.jpg 200w, https:\/\/alpencupmx.eu\/wp-content\/uploads\/2024\/02\/weber_zelt_grau_anwendung_001-683x1024.jpg 683w, https:\/\/alpencupmx.eu\/wp-content\/uploads\/2024\/02\/weber_zelt_grau_anwendung_001-768x1152.jpg 768w, https:\/\/alpencupmx.eu\/wp-content\/uploads\/2024\/02\/weber_zelt_grau_anwendung_001-1024x1536.jpg 1024w, https:\/\/alpencupmx.eu\/wp-content\/uploads\/2024\/02\/weber_zelt_grau_anwendung_001-1365x2048.jpg 1365w, https:\/\/alpencupmx.eu\/wp-content\/uploads\/2024\/02\/weber_zelt_grau_anwendung_001-8x12.jpg 8w\" sizes=\"auto, (max-width: 1707px) 100vw, 1707px\" \/>\n            <\/a>\n          <\/div>\n        <\/div>\n        \n      <\/div>\n      <\/div>\n\t\t<\/div> \n\t<\/div>\n\t<\/div> \n\n\t<div  class=\"vc_col-sm-3 vc_col-xs-3 wpb_column column_container vc_column_container col child_column padding-1-percent inherit_tablet inherit_phone\"   data-padding-pos=\"all\" data-has-bg-color=\"false\" data-bg-color=\"\" data-bg-opacity=\"1\" data-animation=\"\" data-delay=\"0\" >\n\t\t<div class=\"vc_column-inner\" >\n\t\t<div class=\"wpb_wrapper\">\n\t\t\t<div class=\"img-with-aniamtion-wrap\" data-max-width=\"100%\" data-max-width-mobile=\"default\" data-shadow=\"x_large_depth\" data-animation=\"none\" >\n      <div class=\"inner\">\n        <div class=\"hover-wrap\"> \n          <div class=\"hover-wrap-inner\">\n            <a href=\"https:\/\/weber-werke.de\/Weber-Werkeholics-Easy-Up-Zelt-3-x-3-m-inkl-3-Seitenwaende-grau\" target=\"_blank\" class=\"\">\n              <img loading=\"lazy\" decoding=\"async\" class=\"img-with-animation skip-lazy\" data-delay=\"0\" height=\"1170\" width=\"1200\" data-animation=\"none\" src=\"https:\/\/alpencupmx.eu\/wp-content\/uploads\/2024\/02\/weber_shop_Weber_Zelt_grau_000171_01.jpg\" alt=\"Weber Werke - Fahrerlager Zelt - Weiss\" srcset=\"https:\/\/alpencupmx.eu\/wp-content\/uploads\/2024\/02\/weber_shop_Weber_Zelt_grau_000171_01.jpg 1200w, https:\/\/alpencupmx.eu\/wp-content\/uploads\/2024\/02\/weber_shop_Weber_Zelt_grau_000171_01-600x585.jpg 600w, https:\/\/alpencupmx.eu\/wp-content\/uploads\/2024\/02\/weber_shop_Weber_Zelt_grau_000171_01-300x293.jpg 300w, https:\/\/alpencupmx.eu\/wp-content\/uploads\/2024\/02\/weber_shop_Weber_Zelt_grau_000171_01-1024x998.jpg 1024w, https:\/\/alpencupmx.eu\/wp-content\/uploads\/2024\/02\/weber_shop_Weber_Zelt_grau_000171_01-768x749.jpg 768w, https:\/\/alpencupmx.eu\/wp-content\/uploads\/2024\/02\/weber_shop_Weber_Zelt_grau_000171_01-12x12.jpg 12w\" sizes=\"auto, (max-width: 1200px) 100vw, 1200px\" \/>\n            <\/a>\n          <\/div>\n        <\/div>\n        \n      <\/div>\n      <\/div>\n\t\t<\/div> \n\t<\/div>\n\t<\/div> \n\n\t<div  class=\"vc_col-sm-3 vc_col-xs-4 wpb_column column_container vc_column_container col child_column padding-1-percent inherit_tablet inherit_phone\"   data-padding-pos=\"all\" data-has-bg-color=\"false\" data-bg-color=\"\" data-bg-opacity=\"1\" data-animation=\"\" data-delay=\"0\" >\n\t\t<div class=\"vc_column-inner\" >\n\t\t<div class=\"wpb_wrapper\">\n\t\t\t<div class=\"img-with-aniamtion-wrap\" data-max-width=\"100%\" data-max-width-mobile=\"default\" data-shadow=\"none\" data-animation=\"none\" >\n      <div class=\"inner\">\n        <div class=\"hover-wrap\"> \n          <div class=\"hover-wrap-inner\">\n            <a href=\"https:\/\/weber-werke.de\/Weber-Werkeholics-Easy-Up-Zelt-inkl-Seitenwaende\" target=\"_self\" class=\"\">\n              <img loading=\"lazy\" decoding=\"async\" class=\"img-with-animation skip-lazy\" data-delay=\"0\" height=\"1920\" width=\"2560\" data-animation=\"none\" src=\"https:\/\/alpencupmx.eu\/wp-content\/uploads\/2024\/02\/weber_zelt_anwendung_001-scaled.jpg\" alt=\"Weber Werke - Fahrerlager Zelt - Schwarz Lifestyle\" srcset=\"https:\/\/alpencupmx.eu\/wp-content\/uploads\/2024\/02\/weber_zelt_anwendung_001-scaled.jpg 2560w, https:\/\/alpencupmx.eu\/wp-content\/uploads\/2024\/02\/weber_zelt_anwendung_001-scaled-600x450.jpg 600w, https:\/\/alpencupmx.eu\/wp-content\/uploads\/2024\/02\/weber_zelt_anwendung_001-300x225.jpg 300w, https:\/\/alpencupmx.eu\/wp-content\/uploads\/2024\/02\/weber_zelt_anwendung_001-1024x768.jpg 1024w, https:\/\/alpencupmx.eu\/wp-content\/uploads\/2024\/02\/weber_zelt_anwendung_001-768x576.jpg 768w, https:\/\/alpencupmx.eu\/wp-content\/uploads\/2024\/02\/weber_zelt_anwendung_001-1536x1152.jpg 1536w, https:\/\/alpencupmx.eu\/wp-content\/uploads\/2024\/02\/weber_zelt_anwendung_001-2048x1536.jpg 2048w, https:\/\/alpencupmx.eu\/wp-content\/uploads\/2024\/02\/weber_zelt_anwendung_001-16x12.jpg 16w\" sizes=\"auto, (max-width: 2560px) 100vw, 2560px\" \/>\n            <\/a>\n          <\/div>\n        <\/div>\n        \n      <\/div>\n      <\/div>\n\t\t<\/div> \n\t<\/div>\n\t<\/div> \n\n\t<div  class=\"vc_col-sm-3 vc_col-xs-4 wpb_column column_container vc_column_container col child_column padding-1-percent inherit_tablet inherit_phone\"   data-padding-pos=\"all\" data-has-bg-color=\"false\" data-bg-color=\"\" data-bg-opacity=\"1\" data-animation=\"\" data-delay=\"0\" >\n\t\t<div class=\"vc_column-inner\" >\n\t\t<div class=\"wpb_wrapper\">\n\t\t\t<div class=\"img-with-aniamtion-wrap\" data-max-width=\"100%\" data-max-width-mobile=\"default\" data-shadow=\"x_large_depth\" data-animation=\"none\" >\n      <div class=\"inner\">\n        <div class=\"hover-wrap\"> \n          <div class=\"hover-wrap-inner\">\n            <a href=\"https:\/\/weber-werke.de\/Weber-Werkeholics-Easy-Up-Zelt-inkl-Seitenwaende\" target=\"_blank\" class=\"\">\n              <img loading=\"lazy\" decoding=\"async\" class=\"img-with-animation skip-lazy\" data-delay=\"0\" height=\"1600\" width=\"1600\" data-animation=\"none\" src=\"https:\/\/alpencupmx.eu\/wp-content\/uploads\/2024\/02\/weber_shop_aktion_Easy-Up_Zelt_schwarz.jpg\" alt=\"Weber Werke - Fahrerlager Zelt - Schwarz\" srcset=\"https:\/\/alpencupmx.eu\/wp-content\/uploads\/2024\/02\/weber_shop_aktion_Easy-Up_Zelt_schwarz.jpg 1600w, https:\/\/alpencupmx.eu\/wp-content\/uploads\/2024\/02\/weber_shop_aktion_Easy-Up_Zelt_schwarz-300x300.jpg 300w, https:\/\/alpencupmx.eu\/wp-content\/uploads\/2024\/02\/weber_shop_aktion_Easy-Up_Zelt_schwarz-150x150.jpg 150w, https:\/\/alpencupmx.eu\/wp-content\/uploads\/2024\/02\/weber_shop_aktion_Easy-Up_Zelt_schwarz-600x600.jpg 600w, https:\/\/alpencupmx.eu\/wp-content\/uploads\/2024\/02\/weber_shop_aktion_Easy-Up_Zelt_schwarz-1024x1024.jpg 1024w, https:\/\/alpencupmx.eu\/wp-content\/uploads\/2024\/02\/weber_shop_aktion_Easy-Up_Zelt_schwarz-768x768.jpg 768w, https:\/\/alpencupmx.eu\/wp-content\/uploads\/2024\/02\/weber_shop_aktion_Easy-Up_Zelt_schwarz-1536x1536.jpg 1536w, https:\/\/alpencupmx.eu\/wp-content\/uploads\/2024\/02\/weber_shop_aktion_Easy-Up_Zelt_schwarz-12x12.jpg 12w, https:\/\/alpencupmx.eu\/wp-content\/uploads\/2024\/02\/weber_shop_aktion_Easy-Up_Zelt_schwarz-140x140.jpg 140w, https:\/\/alpencupmx.eu\/wp-content\/uploads\/2024\/02\/weber_shop_aktion_Easy-Up_Zelt_schwarz-100x100.jpg 100w, https:\/\/alpencupmx.eu\/wp-content\/uploads\/2024\/02\/weber_shop_aktion_Easy-Up_Zelt_schwarz-500x500.jpg 500w, https:\/\/alpencupmx.eu\/wp-content\/uploads\/2024\/02\/weber_shop_aktion_Easy-Up_Zelt_schwarz-350x350.jpg 350w, https:\/\/alpencupmx.eu\/wp-content\/uploads\/2024\/02\/weber_shop_aktion_Easy-Up_Zelt_schwarz-1000x1000.jpg 1000w, https:\/\/alpencupmx.eu\/wp-content\/uploads\/2024\/02\/weber_shop_aktion_Easy-Up_Zelt_schwarz-800x800.jpg 800w\" sizes=\"auto, (max-width: 1600px) 100vw, 1600px\" \/>\n            <\/a>\n          <\/div>\n        <\/div>\n        \n      <\/div>\n      <\/div>\n\t\t<\/div> \n\t<\/div>\n\t<\/div> \n<\/div><\/div>\n\t\t\t<\/div> \n\t\t<\/div>\n\t<\/div> \n<\/div><\/div>\n\t\t<div id=\"fws_69ee14a86185f\"  data-column-margin=\"default\" data-midnight=\"dark\" data-top-percent=\"4%\"  class=\"wpb_row vc_row-fluid vc_row\"  style=\"padding-top: calc(100vw * 0.04); padding-bottom: 0px; \"><div class=\"row-bg-wrap\" data-bg-animation=\"none\" data-bg-animation-delay=\"\" data-bg-overlay=\"false\"><div class=\"inner-wrap row-bg-layer\" ><div class=\"row-bg viewport-desktop\"  style=\"\"><\/div><\/div><\/div><div class=\"row_col_wrap_12 col span_12 dark left\">\n\t<div  class=\"vc_col-sm-12 wpb_column column_container vc_column_container col no-extra-padding inherit_tablet inherit_phone\"  data-padding-pos=\"all\" data-has-bg-color=\"false\" data-bg-color=\"\" data-bg-opacity=\"1\" data-animation=\"\" data-delay=\"0\" >\n\t\t<div class=\"vc_column-inner\" >\n\t\t\t<div class=\"wpb_wrapper\">\n\t\t\t\t\n<div class=\"wpb_text_column wpb_content_element\" >\n\t<p>Prima che inizi davvero, vi abbiamo gi\u00e0 chiarito il primo accordo affinch\u00e9 possiate prepararvi per l'Alpine Cup.<\/p>\n<p>Durch unsere neue Co-Op mit Weber Werke gibt es hier den ersten Deal der Saison!<\/p>\n<p>Con il codice: <strong>ALPEN10<\/strong><\/p>\n<p>Riceverai uno sconto di \u20ac 10 sui seguenti articoli nel Riders Store alla fine del carrello:<\/p>\n<p><strong>WEBER EASY-UP ZELT<\/strong><br \/>\n<a href=\"https:\/\/weber-werke.de\/Weber-Werkeholics-Easy-Up-Zelt-3-x-3-m-inkl-3-Seitenwaende-grau\" target=\"_blank\" rel=\"noopener\">3 X 3 M INKL. 3 SEITENW\u00c4NDE GRAU<\/a><br \/>\n<a href=\"https:\/\/weber-werke.de\/Weber-Werkeholics-Easy-Up-Zelt-inkl-Seitenwaende\" target=\"_blank\" rel=\"noopener\">3 X 3 M INKL. 3 SEITENW\u00c4NDE SCHWARZ<\/a><\/p>\n<p><strong>WEBER TANKMATTE<br \/>\n<\/strong><a href=\"https:\/\/weber-werke.de\/weber-werkeholics-tankmatten\" target=\"_blank\" rel=\"noopener\">Tankmatte im Format 2000 x 1000 mm mit gummiertem Rand<\/a><\/p>\n<\/div>\n\n\n\n\n\t\t\t<\/div> \n\t\t<\/div>\n\t<\/div> \n<\/div><\/div>","protected":false},"excerpt":{"rendered":"Bevor es richtig los geht, haben wir f\u00fcr euch schon den ersten Deal gekl\u00e4rt, damit Ihr f\u00fcr den Alpencup ger\u00fcstet seit. Durch unsere neue Co-Op mit Weber Werke gibt es...","protected":false},"author":1,"featured_media":6690,"comment_status":"closed","ping_status":"closed","sticky":false,"template":"","format":"standard","meta":{"footnotes":""},"categories":[42],"tags":[],"class_list":{"0":"post-6684","1":"post","2":"type-post","3":"status-publish","4":"format-standard","5":"has-post-thumbnail","7":"category-news"},"yoast_head":"<!-- This site is optimized with the Yoast SEO plugin v27.4 - https:\/\/yoast.com\/product\/yoast-seo-wordpress\/ -->\n<title>Weber Werke - Alpencup DEAL - Alpencup Motocross<\/title>\n<meta name=\"description\" content=\"Bevor es richtig los geht, haben wir f\u00fcr euch schon den ersten Deal gekl\u00e4rt, damit Ihr f\u00fcr den Alpencup ger\u00fcstet seit. 10% im Weber Werke Shop....\" \/>\n<meta name=\"robots\" content=\"index, follow, max-snippet:-1, max-image-preview:large, max-video-preview:-1\" \/>\n<link rel=\"canonical\" href=\"https:\/\/alpencupmx.eu\/it_it\/weber-werke-alpencup-deal-2025\/\" \/>\n<meta property=\"og:locale\" content=\"it_IT\" \/>\n<meta property=\"og:type\" content=\"article\" \/>\n<meta property=\"og:title\" content=\"Weber Werke - Alpencup DEAL - Alpencup Motocross\" \/>\n<meta property=\"og:description\" content=\"Bevor es richtig los geht, haben wir f\u00fcr euch schon den ersten Deal gekl\u00e4rt, damit Ihr f\u00fcr den Alpencup ger\u00fcstet seit. 10% im Weber Werke Shop....\" \/>\n<meta property=\"og:url\" content=\"https:\/\/alpencupmx.eu\/it_it\/weber-werke-alpencup-deal-2025\/\" \/>\n<meta property=\"og:site_name\" content=\"Alpencup Motocross\" \/>\n<meta property=\"article:published_time\" content=\"2025-02-07T18:12:31+00:00\" \/>\n<meta property=\"article:modified_time\" content=\"2025-02-19T10:44:21+00:00\" \/>\n<meta property=\"og:image\" content=\"https:\/\/alpencupmx.eu\/wp-content\/uploads\/2024\/02\/weber_zelt_anwendung_001-scaled.jpg\" \/>\n\t<meta property=\"og:image:width\" content=\"2560\" \/>\n\t<meta property=\"og:image:height\" content=\"1920\" \/>\n\t<meta property=\"og:image:type\" content=\"image\/jpeg\" \/>\n<meta name=\"author\" content=\"admin\" \/>\n<meta name=\"twitter:card\" content=\"summary_large_image\" \/>\n<meta name=\"twitter:label1\" content=\"Scritto da\" \/>\n\t<meta name=\"twitter:data1\" content=\"\" \/>\n\t<meta name=\"twitter:label2\" content=\"Tempo di lettura stimato\" \/>\n\t<meta name=\"twitter:data2\" content=\"2 minuti\" \/>\n<script type=\"application\/ld+json\" class=\"yoast-schema-graph\">{\"@context\":\"https:\\\/\\\/schema.org\",\"@graph\":[{\"@type\":\"Article\",\"@id\":\"https:\\\/\\\/alpencupmx.eu\\\/weber-werke-alpencup-deal-2025\\\/#article\",\"isPartOf\":{\"@id\":\"https:\\\/\\\/alpencupmx.eu\\\/weber-werke-alpencup-deal-2025\\\/\"},\"author\":{\"name\":\"admin\",\"@id\":\"https:\\\/\\\/alpencupmx.eu\\\/#\\\/schema\\\/person\\\/44406eb2972b66a149aef8ba4ffc131c\"},\"headline\":\"Weber Werke &#8211; Alpencup DEAL\",\"datePublished\":\"2025-02-07T18:12:31+00:00\",\"dateModified\":\"2025-02-19T10:44:21+00:00\",\"mainEntityOfPage\":{\"@id\":\"https:\\\/\\\/alpencupmx.eu\\\/weber-werke-alpencup-deal-2025\\\/\"},\"wordCount\":1434,\"image\":{\"@id\":\"https:\\\/\\\/alpencupmx.eu\\\/weber-werke-alpencup-deal-2025\\\/#primaryimage\"},\"thumbnailUrl\":\"https:\\\/\\\/alpencupmx.eu\\\/wp-content\\\/uploads\\\/2024\\\/02\\\/weber_zelt_anwendung_001-scaled.jpg\",\"articleSection\":[\"News\"],\"inLanguage\":\"it-IT\"},{\"@type\":\"WebPage\",\"@id\":\"https:\\\/\\\/alpencupmx.eu\\\/weber-werke-alpencup-deal-2025\\\/\",\"url\":\"https:\\\/\\\/alpencupmx.eu\\\/weber-werke-alpencup-deal-2025\\\/\",\"name\":\"Weber Werke - Alpencup DEAL - Alpencup Motocross\",\"isPartOf\":{\"@id\":\"https:\\\/\\\/alpencupmx.eu\\\/#website\"},\"primaryImageOfPage\":{\"@id\":\"https:\\\/\\\/alpencupmx.eu\\\/weber-werke-alpencup-deal-2025\\\/#primaryimage\"},\"image\":{\"@id\":\"https:\\\/\\\/alpencupmx.eu\\\/weber-werke-alpencup-deal-2025\\\/#primaryimage\"},\"thumbnailUrl\":\"https:\\\/\\\/alpencupmx.eu\\\/wp-content\\\/uploads\\\/2024\\\/02\\\/weber_zelt_anwendung_001-scaled.jpg\",\"datePublished\":\"2025-02-07T18:12:31+00:00\",\"dateModified\":\"2025-02-19T10:44:21+00:00\",\"author\":{\"@id\":\"https:\\\/\\\/alpencupmx.eu\\\/#\\\/schema\\\/person\\\/44406eb2972b66a149aef8ba4ffc131c\"},\"description\":\"Bevor es richtig los geht, haben wir f\u00fcr euch schon den ersten Deal gekl\u00e4rt, damit Ihr f\u00fcr den Alpencup ger\u00fcstet seit. 10% im Weber Werke Shop....\",\"breadcrumb\":{\"@id\":\"https:\\\/\\\/alpencupmx.eu\\\/weber-werke-alpencup-deal-2025\\\/#breadcrumb\"},\"inLanguage\":\"it-IT\",\"potentialAction\":[{\"@type\":\"ReadAction\",\"target\":[\"https:\\\/\\\/alpencupmx.eu\\\/weber-werke-alpencup-deal-2025\\\/\"]}]},{\"@type\":\"ImageObject\",\"inLanguage\":\"it-IT\",\"@id\":\"https:\\\/\\\/alpencupmx.eu\\\/weber-werke-alpencup-deal-2025\\\/#primaryimage\",\"url\":\"https:\\\/\\\/alpencupmx.eu\\\/wp-content\\\/uploads\\\/2024\\\/02\\\/weber_zelt_anwendung_001-scaled.jpg\",\"contentUrl\":\"https:\\\/\\\/alpencupmx.eu\\\/wp-content\\\/uploads\\\/2024\\\/02\\\/weber_zelt_anwendung_001-scaled.jpg\",\"width\":2560,\"height\":1920,\"caption\":\"Weber Werke - Fahrerlager Zelt - Schwarz Lifestyle\"},{\"@type\":\"BreadcrumbList\",\"@id\":\"https:\\\/\\\/alpencupmx.eu\\\/weber-werke-alpencup-deal-2025\\\/#breadcrumb\",\"itemListElement\":[{\"@type\":\"ListItem\",\"position\":1,\"name\":\"Startseite\",\"item\":\"https:\\\/\\\/alpencupmx.eu\\\/\"},{\"@type\":\"ListItem\",\"position\":2,\"name\":\"Weber Werke &#8211; Alpencup DEAL\"}]},{\"@type\":\"WebSite\",\"@id\":\"https:\\\/\\\/alpencupmx.eu\\\/#website\",\"url\":\"https:\\\/\\\/alpencupmx.eu\\\/\",\"name\":\"Alpencup Motocross\",\"description\":\"Event Serie\",\"potentialAction\":[{\"@type\":\"SearchAction\",\"target\":{\"@type\":\"EntryPoint\",\"urlTemplate\":\"https:\\\/\\\/alpencupmx.eu\\\/?s={search_term_string}\"},\"query-input\":{\"@type\":\"PropertyValueSpecification\",\"valueRequired\":true,\"valueName\":\"search_term_string\"}}],\"inLanguage\":\"it-IT\"},{\"@type\":\"Person\",\"@id\":\"https:\\\/\\\/alpencupmx.eu\\\/#\\\/schema\\\/person\\\/44406eb2972b66a149aef8ba4ffc131c\",\"name\":\"admin\",\"image\":{\"@type\":\"ImageObject\",\"inLanguage\":\"it-IT\",\"@id\":\"https:\\\/\\\/secure.gravatar.com\\\/avatar\\\/e5f0b4bafda3c5c3f53cf2e2a794bb775dec1e9d845f3c4a15d59a6af63d7e61?s=96&d=blank&r=g\",\"url\":\"https:\\\/\\\/secure.gravatar.com\\\/avatar\\\/e5f0b4bafda3c5c3f53cf2e2a794bb775dec1e9d845f3c4a15d59a6af63d7e61?s=96&d=blank&r=g\",\"contentUrl\":\"https:\\\/\\\/secure.gravatar.com\\\/avatar\\\/e5f0b4bafda3c5c3f53cf2e2a794bb775dec1e9d845f3c4a15d59a6af63d7e61?s=96&d=blank&r=g\",\"caption\":\"admin\"},\"sameAs\":[\"http:\\\/\\\/alpencupmx.eu\"],\"url\":\"https:\\\/\\\/alpencupmx.eu\\\/it_it\\\/author\\\/admin\\\/\"}]}<\/script>\n<!-- \/ Yoast SEO plugin. -->","yoast_head_json":{"title":"Weber Werke - Alpencup DEAL - Alpencup Motocross","description":"Bevor es richtig los geht, haben wir f\u00fcr euch schon den ersten Deal gekl\u00e4rt, damit Ihr f\u00fcr den Alpencup ger\u00fcstet seit. 10% im Weber Werke Shop....","robots":{"index":"index","follow":"follow","max-snippet":"max-snippet:-1","max-image-preview":"max-image-preview:large","max-video-preview":"max-video-preview:-1"},"canonical":"https:\/\/alpencupmx.eu\/it_it\/weber-werke-alpencup-deal-2025\/","og_locale":"it_IT","og_type":"article","og_title":"Weber Werke - Alpencup DEAL - Alpencup Motocross","og_description":"Bevor es richtig los geht, haben wir f\u00fcr euch schon den ersten Deal gekl\u00e4rt, damit Ihr f\u00fcr den Alpencup ger\u00fcstet seit. 10% im Weber Werke Shop....","og_url":"https:\/\/alpencupmx.eu\/it_it\/weber-werke-alpencup-deal-2025\/","og_site_name":"Alpencup Motocross","article_published_time":"2025-02-07T18:12:31+00:00","article_modified_time":"2025-02-19T10:44:21+00:00","og_image":[{"width":2560,"height":1920,"url":"https:\/\/alpencupmx.eu\/wp-content\/uploads\/2024\/02\/weber_zelt_anwendung_001-scaled.jpg","type":"image\/jpeg"}],"author":"admin","twitter_card":"summary_large_image","twitter_misc":{"Scritto da":false,"Tempo di lettura stimato":"2 minuti"},"schema":{"@context":"https:\/\/schema.org","@graph":[{"@type":"Article","@id":"https:\/\/alpencupmx.eu\/weber-werke-alpencup-deal-2025\/#article","isPartOf":{"@id":"https:\/\/alpencupmx.eu\/weber-werke-alpencup-deal-2025\/"},"author":{"name":"admin","@id":"https:\/\/alpencupmx.eu\/#\/schema\/person\/44406eb2972b66a149aef8ba4ffc131c"},"headline":"Weber Werke &#8211; Alpencup DEAL","datePublished":"2025-02-07T18:12:31+00:00","dateModified":"2025-02-19T10:44:21+00:00","mainEntityOfPage":{"@id":"https:\/\/alpencupmx.eu\/weber-werke-alpencup-deal-2025\/"},"wordCount":1434,"image":{"@id":"https:\/\/alpencupmx.eu\/weber-werke-alpencup-deal-2025\/#primaryimage"},"thumbnailUrl":"https:\/\/alpencupmx.eu\/wp-content\/uploads\/2024\/02\/weber_zelt_anwendung_001-scaled.jpg","articleSection":["News"],"inLanguage":"it-IT"},{"@type":"WebPage","@id":"https:\/\/alpencupmx.eu\/weber-werke-alpencup-deal-2025\/","url":"https:\/\/alpencupmx.eu\/weber-werke-alpencup-deal-2025\/","name":"Weber Werke - Alpencup DEAL - Alpencup Motocross","isPartOf":{"@id":"https:\/\/alpencupmx.eu\/#website"},"primaryImageOfPage":{"@id":"https:\/\/alpencupmx.eu\/weber-werke-alpencup-deal-2025\/#primaryimage"},"image":{"@id":"https:\/\/alpencupmx.eu\/weber-werke-alpencup-deal-2025\/#primaryimage"},"thumbnailUrl":"https:\/\/alpencupmx.eu\/wp-content\/uploads\/2024\/02\/weber_zelt_anwendung_001-scaled.jpg","datePublished":"2025-02-07T18:12:31+00:00","dateModified":"2025-02-19T10:44:21+00:00","author":{"@id":"https:\/\/alpencupmx.eu\/#\/schema\/person\/44406eb2972b66a149aef8ba4ffc131c"},"description":"Bevor es richtig los geht, haben wir f\u00fcr euch schon den ersten Deal gekl\u00e4rt, damit Ihr f\u00fcr den Alpencup ger\u00fcstet seit. 10% im Weber Werke Shop....","breadcrumb":{"@id":"https:\/\/alpencupmx.eu\/weber-werke-alpencup-deal-2025\/#breadcrumb"},"inLanguage":"it-IT","potentialAction":[{"@type":"ReadAction","target":["https:\/\/alpencupmx.eu\/weber-werke-alpencup-deal-2025\/"]}]},{"@type":"ImageObject","inLanguage":"it-IT","@id":"https:\/\/alpencupmx.eu\/weber-werke-alpencup-deal-2025\/#primaryimage","url":"https:\/\/alpencupmx.eu\/wp-content\/uploads\/2024\/02\/weber_zelt_anwendung_001-scaled.jpg","contentUrl":"https:\/\/alpencupmx.eu\/wp-content\/uploads\/2024\/02\/weber_zelt_anwendung_001-scaled.jpg","width":2560,"height":1920,"caption":"Weber Werke - Fahrerlager Zelt - Schwarz Lifestyle"},{"@type":"BreadcrumbList","@id":"https:\/\/alpencupmx.eu\/weber-werke-alpencup-deal-2025\/#breadcrumb","itemListElement":[{"@type":"ListItem","position":1,"name":"Startseite","item":"https:\/\/alpencupmx.eu\/"},{"@type":"ListItem","position":2,"name":"Weber Werke &#8211; Alpencup DEAL"}]},{"@type":"WebSite","@id":"https:\/\/alpencupmx.eu\/#website","url":"https:\/\/alpencupmx.eu\/","name":"Alpencup Motocross","description":"Event Serie","potentialAction":[{"@type":"SearchAction","target":{"@type":"EntryPoint","urlTemplate":"https:\/\/alpencupmx.eu\/?s={search_term_string}"},"query-input":{"@type":"PropertyValueSpecification","valueRequired":true,"valueName":"search_term_string"}}],"inLanguage":"it-IT"},{"@type":"Person","@id":"https:\/\/alpencupmx.eu\/#\/schema\/person\/44406eb2972b66a149aef8ba4ffc131c","name":"admin","image":{"@type":"ImageObject","inLanguage":"it-IT","@id":"https:\/\/secure.gravatar.com\/avatar\/e5f0b4bafda3c5c3f53cf2e2a794bb775dec1e9d845f3c4a15d59a6af63d7e61?s=96&d=blank&r=g","url":"https:\/\/secure.gravatar.com\/avatar\/e5f0b4bafda3c5c3f53cf2e2a794bb775dec1e9d845f3c4a15d59a6af63d7e61?s=96&d=blank&r=g","contentUrl":"https:\/\/secure.gravatar.com\/avatar\/e5f0b4bafda3c5c3f53cf2e2a794bb775dec1e9d845f3c4a15d59a6af63d7e61?s=96&d=blank&r=g","caption":"admin"},"sameAs":["http:\/\/alpencupmx.eu"],"url":"https:\/\/alpencupmx.eu\/it_it\/author\/admin\/"}]}},"_links":{"self":[{"href":"https:\/\/alpencupmx.eu\/it_it\/wp-json\/wp\/v2\/posts\/6684","targetHints":{"allow":["GET"]}}],"collection":[{"href":"https:\/\/alpencupmx.eu\/it_it\/wp-json\/wp\/v2\/posts"}],"about":[{"href":"https:\/\/alpencupmx.eu\/it_it\/wp-json\/wp\/v2\/types\/post"}],"author":[{"embeddable":true,"href":"https:\/\/alpencupmx.eu\/it_it\/wp-json\/wp\/v2\/users\/1"}],"replies":[{"embeddable":true,"href":"https:\/\/alpencupmx.eu\/it_it\/wp-json\/wp\/v2\/comments?post=6684"}],"version-history":[{"count":19,"href":"https:\/\/alpencupmx.eu\/it_it\/wp-json\/wp\/v2\/posts\/6684\/revisions"}],"predecessor-version":[{"id":11293,"href":"https:\/\/alpencupmx.eu\/it_it\/wp-json\/wp\/v2\/posts\/6684\/revisions\/11293"}],"wp:featuredmedia":[{"embeddable":true,"href":"https:\/\/alpencupmx.eu\/it_it\/wp-json\/wp\/v2\/media\/6690"}],"wp:attachment":[{"href":"https:\/\/alpencupmx.eu\/it_it\/wp-json\/wp\/v2\/media?parent=6684"}],"wp:term":[{"taxonomy":"category","embeddable":true,"href":"https:\/\/alpencupmx.eu\/it_it\/wp-json\/wp\/v2\/categories?post=6684"},{"taxonomy":"post_tag","embeddable":true,"href":"https:\/\/alpencupmx.eu\/it_it\/wp-json\/wp\/v2\/tags?post=6684"}],"curies":[{"name":"wp","href":"https:\/\/api.w.org\/{rel}","templated":true}]}}