{"id":11053,"date":"2025-02-07T18:49:34","date_gmt":"2025-02-07T18:49:34","guid":{"rendered":"https:\/\/alpencupmx.eu\/?p=11053"},"modified":"2025-02-13T19:24:40","modified_gmt":"2025-02-13T19:24:40","slug":"vorlaeufiger-kalender-2025","status":"publish","type":"post","link":"https:\/\/alpencupmx.eu\/it_it\/vorlaeufiger-kalender-2025\/","title":{"rendered":"Calendario provvisorio 2025"},"content":{"rendered":"<div id=\"fws_69edfaa70a844\"  data-column-margin=\"default\" data-midnight=\"dark\"  class=\"wpb_row vc_row-fluid vc_row\"  style=\"padding-top: 0px; padding-bottom: 0px; \"><div class=\"row-bg-wrap\" data-bg-animation=\"none\" data-bg-animation-delay=\"\" data-bg-overlay=\"false\"><div class=\"inner-wrap row-bg-layer\" ><div class=\"row-bg viewport-desktop\"  style=\"\"><\/div><\/div><\/div><div class=\"row_col_wrap_12 col span_12 dark left\">\n\t<div  class=\"vc_col-sm-6 wpb_column column_container vc_column_container col no-extra-padding inherit_tablet inherit_phone\"  data-padding-pos=\"all\" data-has-bg-color=\"false\" data-bg-color=\"\" data-bg-opacity=\"1\" data-animation=\"\" data-delay=\"0\" >\n\t\t<div class=\"vc_column-inner\" >\n\t\t\t<div class=\"wpb_wrapper\">\n\t\t\t\t\n<div class=\"wpb_text_column wpb_content_element\" >\n\t<p>\u26a0\ufe0f Aggiornamento stagione 2025: il nostro calendario gare \u00e8 gi\u00e0 approssimativamente definito!<br \/>\nAvremmo voluto fornirvi tutte le informazioni oggi, ma pensiamo che con la situazione attuale abbiate gi\u00e0 una buona panoramica.<\/p>\n<p>Al momento stiamo lavorando con due club per definire la data definitiva. Tuttavia, le gare a Kundl e M\u00f6ggers sono truccate. Anche l'ultimo evento in Italia \u00e8 in realt\u00e0 fissato, ma ve lo faremo sapere pi\u00f9 avanti, affinch\u00e9 rimanga emozionante.<\/p>\n<p>Il nostro obiettivo per la versione del 2025 \u00e8 ancora:<br \/>\n\u27a1\ufe0f Non vogliamo dover annullare un evento a causa di. problemi normativi<br \/>\n\u27a1\ufe0f Non vogliamo conflitti di programmazione con altre serie\/eventi<\/p>\n<p>Riteniamo che ci\u00f2 sia nel vostro interesse e pertanto vi chiediamo ancora<br \/>\nun po' di pazienza. ????<br \/>\nProssimo aggiornamento tra 7-10 giorni con, si spera, il calendario definitivo \u270c????<\/p>\n<\/div>\n\n\n\n\n\t\t\t<\/div> \n\t\t<\/div>\n\t<\/div> \n\n\t<div  class=\"vc_col-sm-6 wpb_column column_container vc_column_container col no-extra-padding inherit_tablet inherit_phone\"  data-padding-pos=\"all\" data-has-bg-color=\"false\" data-bg-color=\"\" data-bg-opacity=\"1\" data-animation=\"\" data-delay=\"0\" >\n\t\t<div class=\"vc_column-inner\" >\n\t\t\t<div class=\"wpb_wrapper\">\n\t\t\t\t<div class=\"img-with-aniamtion-wrap\" data-max-width=\"100%\" data-max-width-mobile=\"default\" data-shadow=\"none\" data-animation=\"none\" >\n      <div class=\"inner\">\n        <div class=\"hover-wrap\"> \n          <div class=\"hover-wrap-inner\">\n            <img loading=\"lazy\" decoding=\"async\" class=\"img-with-animation skip-lazy\" data-delay=\"0\" height=\"2000\" width=\"2000\" data-animation=\"none\" src=\"https:\/\/alpencupmx.eu\/wp-content\/uploads\/2025\/02\/Post-Pre-Calander-2025.jpg\" alt=\"Vorl\u00e4ufiger Rennkalender Alpencup 2025\" srcset=\"https:\/\/alpencupmx.eu\/wp-content\/uploads\/2025\/02\/Post-Pre-Calander-2025.jpg 2000w, https:\/\/alpencupmx.eu\/wp-content\/uploads\/2025\/02\/Post-Pre-Calander-2025-300x300.jpg 300w, https:\/\/alpencupmx.eu\/wp-content\/uploads\/2025\/02\/Post-Pre-Calander-2025-1024x1024.jpg 1024w, https:\/\/alpencupmx.eu\/wp-content\/uploads\/2025\/02\/Post-Pre-Calander-2025-150x150.jpg 150w, https:\/\/alpencupmx.eu\/wp-content\/uploads\/2025\/02\/Post-Pre-Calander-2025-768x768.jpg 768w, https:\/\/alpencupmx.eu\/wp-content\/uploads\/2025\/02\/Post-Pre-Calander-2025-1536x1536.jpg 1536w, https:\/\/alpencupmx.eu\/wp-content\/uploads\/2025\/02\/Post-Pre-Calander-2025-12x12.jpg 12w, https:\/\/alpencupmx.eu\/wp-content\/uploads\/2025\/02\/Post-Pre-Calander-2025-140x140.jpg 140w, https:\/\/alpencupmx.eu\/wp-content\/uploads\/2025\/02\/Post-Pre-Calander-2025-100x100.jpg 100w, https:\/\/alpencupmx.eu\/wp-content\/uploads\/2025\/02\/Post-Pre-Calander-2025-500x500.jpg 500w, https:\/\/alpencupmx.eu\/wp-content\/uploads\/2025\/02\/Post-Pre-Calander-2025-350x350.jpg 350w, https:\/\/alpencupmx.eu\/wp-content\/uploads\/2025\/02\/Post-Pre-Calander-2025-1000x1000.jpg 1000w, https:\/\/alpencupmx.eu\/wp-content\/uploads\/2025\/02\/Post-Pre-Calander-2025-800x800.jpg 800w, https:\/\/alpencupmx.eu\/wp-content\/uploads\/2025\/02\/Post-Pre-Calander-2025-600x600.jpg 600w\" sizes=\"auto, (max-width: 2000px) 100vw, 2000px\" \/>\n          <\/div>\n        <\/div>\n        \n      <\/div>\n    <\/div>\n\t\t\t<\/div> \n\t\t<\/div>\n\t<\/div> \n<\/div><\/div>","protected":false},"excerpt":{"rendered":"\u26a0\ufe0f Saisonupdate 2025 - Unser Rennkalender steht schon mal grob! Gern h\u00e4tten wir euch heute schon alle Infos gegeben, aber wir denken mit dem aktuellen Stand, habt ihr schon mal...","protected":false},"author":1,"featured_media":9960,"comment_status":"closed","ping_status":"closed","sticky":false,"template":"","format":"standard","meta":{"footnotes":""},"categories":[43,42,188],"tags":[181],"class_list":{"0":"post-11053","1":"post","2":"type-post","3":"status-publish","4":"format-standard","5":"has-post-thumbnail","7":"category-ankuendigungen","8":"category-news","9":"category-st-anna","10":"tag-alpencup-2025"},"yoast_head":"<!-- This site is optimized with the Yoast SEO plugin v27.4 - https:\/\/yoast.com\/product\/yoast-seo-wordpress\/ -->\n<title>Vorl\u00e4ufiger Kalender 2025 - Alpencup Motocross<\/title>\n<meta name=\"description\" content=\"\u26a0\ufe0f Saisonupdate 2025 - Unser Rennkalender steht schon mal grob! Gern h\u00e4tten wir euch heute schon alle Infos gegeben, aber wir denken mit dem aktuellen Stand, habt ihr schon mal einen guten \u00dcberblick.\" \/>\n<meta name=\"robots\" content=\"index, follow, max-snippet:-1, max-image-preview:large, max-video-preview:-1\" \/>\n<link rel=\"canonical\" href=\"https:\/\/alpencupmx.eu\/it_it\/vorlaeufiger-kalender-2025\/\" \/>\n<meta property=\"og:locale\" content=\"it_IT\" \/>\n<meta property=\"og:type\" content=\"article\" \/>\n<meta property=\"og:title\" content=\"Vorl\u00e4ufiger Kalender 2025 - Alpencup Motocross\" \/>\n<meta property=\"og:description\" content=\"\u26a0\ufe0f Saisonupdate 2025 - Unser Rennkalender steht schon mal grob! Gern h\u00e4tten wir euch heute schon alle Infos gegeben, aber wir denken mit dem aktuellen Stand, habt ihr schon mal einen guten \u00dcberblick.\" \/>\n<meta property=\"og:url\" content=\"https:\/\/alpencupmx.eu\/it_it\/vorlaeufiger-kalender-2025\/\" \/>\n<meta property=\"og:site_name\" content=\"Alpencup Motocross\" \/>\n<meta property=\"article:published_time\" content=\"2025-02-07T18:49:34+00:00\" \/>\n<meta property=\"article:modified_time\" content=\"2025-02-13T19:24:40+00:00\" \/>\n<meta property=\"og:image\" content=\"https:\/\/alpencupmx.eu\/wp-content\/uploads\/2024\/07\/2024_Alpencup_Hohenlinden_Samstag_Top_IMG_0460-1024x683.jpg\" \/>\n\t<meta property=\"og:image:width\" content=\"1024\" \/>\n\t<meta property=\"og:image:height\" content=\"683\" \/>\n\t<meta property=\"og:image:type\" content=\"image\/jpeg\" \/>\n<meta name=\"author\" content=\"admin\" \/>\n<meta name=\"twitter:card\" content=\"summary_large_image\" \/>\n<meta name=\"twitter:label1\" content=\"Scritto da\" \/>\n\t<meta name=\"twitter:data1\" content=\"\" \/>\n\t<meta name=\"twitter:label2\" content=\"Tempo di lettura stimato\" \/>\n\t<meta name=\"twitter:data2\" content=\"2 minuti\" \/>\n<script type=\"application\/ld+json\" class=\"yoast-schema-graph\">{\"@context\":\"https:\\\/\\\/schema.org\",\"@graph\":[{\"@type\":\"Article\",\"@id\":\"https:\\\/\\\/alpencupmx.eu\\\/vorlaeufiger-kalender-2025\\\/#article\",\"isPartOf\":{\"@id\":\"https:\\\/\\\/alpencupmx.eu\\\/vorlaeufiger-kalender-2025\\\/\"},\"author\":{\"name\":\"admin\",\"@id\":\"https:\\\/\\\/alpencupmx.eu\\\/#\\\/schema\\\/person\\\/44406eb2972b66a149aef8ba4ffc131c\"},\"headline\":\"Vorl\u00e4ufiger Kalender 2025\",\"datePublished\":\"2025-02-07T18:49:34+00:00\",\"dateModified\":\"2025-02-13T19:24:40+00:00\",\"mainEntityOfPage\":{\"@id\":\"https:\\\/\\\/alpencupmx.eu\\\/vorlaeufiger-kalender-2025\\\/\"},\"wordCount\":428,\"image\":{\"@id\":\"https:\\\/\\\/alpencupmx.eu\\\/vorlaeufiger-kalender-2025\\\/#primaryimage\"},\"thumbnailUrl\":\"https:\\\/\\\/alpencupmx.eu\\\/wp-content\\\/uploads\\\/2024\\\/07\\\/2024_Alpencup_Hohenlinden_Samstag_Top_IMG_0460.jpg\",\"keywords\":[\"alpencup 2025\"],\"articleSection\":[\"Ank\u00fcndigungen\",\"News\",\"San\u00b4t Anna\"],\"inLanguage\":\"it-IT\"},{\"@type\":\"WebPage\",\"@id\":\"https:\\\/\\\/alpencupmx.eu\\\/vorlaeufiger-kalender-2025\\\/\",\"url\":\"https:\\\/\\\/alpencupmx.eu\\\/vorlaeufiger-kalender-2025\\\/\",\"name\":\"Vorl\u00e4ufiger Kalender 2025 - Alpencup Motocross\",\"isPartOf\":{\"@id\":\"https:\\\/\\\/alpencupmx.eu\\\/#website\"},\"primaryImageOfPage\":{\"@id\":\"https:\\\/\\\/alpencupmx.eu\\\/vorlaeufiger-kalender-2025\\\/#primaryimage\"},\"image\":{\"@id\":\"https:\\\/\\\/alpencupmx.eu\\\/vorlaeufiger-kalender-2025\\\/#primaryimage\"},\"thumbnailUrl\":\"https:\\\/\\\/alpencupmx.eu\\\/wp-content\\\/uploads\\\/2024\\\/07\\\/2024_Alpencup_Hohenlinden_Samstag_Top_IMG_0460.jpg\",\"datePublished\":\"2025-02-07T18:49:34+00:00\",\"dateModified\":\"2025-02-13T19:24:40+00:00\",\"author\":{\"@id\":\"https:\\\/\\\/alpencupmx.eu\\\/#\\\/schema\\\/person\\\/44406eb2972b66a149aef8ba4ffc131c\"},\"description\":\"\u26a0\ufe0f Saisonupdate 2025 - Unser Rennkalender steht schon mal grob! Gern h\u00e4tten wir euch heute schon alle Infos gegeben, aber wir denken mit dem aktuellen Stand, habt ihr schon mal einen guten \u00dcberblick.\",\"breadcrumb\":{\"@id\":\"https:\\\/\\\/alpencupmx.eu\\\/vorlaeufiger-kalender-2025\\\/#breadcrumb\"},\"inLanguage\":\"it-IT\",\"potentialAction\":[{\"@type\":\"ReadAction\",\"target\":[\"https:\\\/\\\/alpencupmx.eu\\\/vorlaeufiger-kalender-2025\\\/\"]}]},{\"@type\":\"ImageObject\",\"inLanguage\":\"it-IT\",\"@id\":\"https:\\\/\\\/alpencupmx.eu\\\/vorlaeufiger-kalender-2025\\\/#primaryimage\",\"url\":\"https:\\\/\\\/alpencupmx.eu\\\/wp-content\\\/uploads\\\/2024\\\/07\\\/2024_Alpencup_Hohenlinden_Samstag_Top_IMG_0460.jpg\",\"contentUrl\":\"https:\\\/\\\/alpencupmx.eu\\\/wp-content\\\/uploads\\\/2024\\\/07\\\/2024_Alpencup_Hohenlinden_Samstag_Top_IMG_0460.jpg\",\"width\":2500,\"height\":1667,\"caption\":\"Alpencup MX 2024 - Hohenlinden Samstag - Bild 27\"},{\"@type\":\"BreadcrumbList\",\"@id\":\"https:\\\/\\\/alpencupmx.eu\\\/vorlaeufiger-kalender-2025\\\/#breadcrumb\",\"itemListElement\":[{\"@type\":\"ListItem\",\"position\":1,\"name\":\"Startseite\",\"item\":\"https:\\\/\\\/alpencupmx.eu\\\/\"},{\"@type\":\"ListItem\",\"position\":2,\"name\":\"Vorl\u00e4ufiger Kalender 2025\"}]},{\"@type\":\"WebSite\",\"@id\":\"https:\\\/\\\/alpencupmx.eu\\\/#website\",\"url\":\"https:\\\/\\\/alpencupmx.eu\\\/\",\"name\":\"Alpencup Motocross\",\"description\":\"Event Serie\",\"potentialAction\":[{\"@type\":\"SearchAction\",\"target\":{\"@type\":\"EntryPoint\",\"urlTemplate\":\"https:\\\/\\\/alpencupmx.eu\\\/?s={search_term_string}\"},\"query-input\":{\"@type\":\"PropertyValueSpecification\",\"valueRequired\":true,\"valueName\":\"search_term_string\"}}],\"inLanguage\":\"it-IT\"},{\"@type\":\"Person\",\"@id\":\"https:\\\/\\\/alpencupmx.eu\\\/#\\\/schema\\\/person\\\/44406eb2972b66a149aef8ba4ffc131c\",\"name\":\"admin\",\"image\":{\"@type\":\"ImageObject\",\"inLanguage\":\"it-IT\",\"@id\":\"https:\\\/\\\/secure.gravatar.com\\\/avatar\\\/e5f0b4bafda3c5c3f53cf2e2a794bb775dec1e9d845f3c4a15d59a6af63d7e61?s=96&d=blank&r=g\",\"url\":\"https:\\\/\\\/secure.gravatar.com\\\/avatar\\\/e5f0b4bafda3c5c3f53cf2e2a794bb775dec1e9d845f3c4a15d59a6af63d7e61?s=96&d=blank&r=g\",\"contentUrl\":\"https:\\\/\\\/secure.gravatar.com\\\/avatar\\\/e5f0b4bafda3c5c3f53cf2e2a794bb775dec1e9d845f3c4a15d59a6af63d7e61?s=96&d=blank&r=g\",\"caption\":\"admin\"},\"sameAs\":[\"http:\\\/\\\/alpencupmx.eu\"],\"url\":\"https:\\\/\\\/alpencupmx.eu\\\/it_it\\\/author\\\/admin\\\/\"}]}<\/script>\n<!-- \/ Yoast SEO plugin. -->","yoast_head_json":{"title":"Vorl\u00e4ufiger Kalender 2025 - Alpencup Motocross","description":"\u26a0\ufe0f Saisonupdate 2025 - Unser Rennkalender steht schon mal grob! Gern h\u00e4tten wir euch heute schon alle Infos gegeben, aber wir denken mit dem aktuellen Stand, habt ihr schon mal einen guten \u00dcberblick.","robots":{"index":"index","follow":"follow","max-snippet":"max-snippet:-1","max-image-preview":"max-image-preview:large","max-video-preview":"max-video-preview:-1"},"canonical":"https:\/\/alpencupmx.eu\/it_it\/vorlaeufiger-kalender-2025\/","og_locale":"it_IT","og_type":"article","og_title":"Vorl\u00e4ufiger Kalender 2025 - Alpencup Motocross","og_description":"\u26a0\ufe0f Saisonupdate 2025 - Unser Rennkalender steht schon mal grob! Gern h\u00e4tten wir euch heute schon alle Infos gegeben, aber wir denken mit dem aktuellen Stand, habt ihr schon mal einen guten \u00dcberblick.","og_url":"https:\/\/alpencupmx.eu\/it_it\/vorlaeufiger-kalender-2025\/","og_site_name":"Alpencup Motocross","article_published_time":"2025-02-07T18:49:34+00:00","article_modified_time":"2025-02-13T19:24:40+00:00","og_image":[{"width":1024,"height":683,"url":"https:\/\/alpencupmx.eu\/wp-content\/uploads\/2024\/07\/2024_Alpencup_Hohenlinden_Samstag_Top_IMG_0460-1024x683.jpg","type":"image\/jpeg"}],"author":"admin","twitter_card":"summary_large_image","twitter_misc":{"Scritto da":false,"Tempo di lettura stimato":"2 minuti"},"schema":{"@context":"https:\/\/schema.org","@graph":[{"@type":"Article","@id":"https:\/\/alpencupmx.eu\/vorlaeufiger-kalender-2025\/#article","isPartOf":{"@id":"https:\/\/alpencupmx.eu\/vorlaeufiger-kalender-2025\/"},"author":{"name":"admin","@id":"https:\/\/alpencupmx.eu\/#\/schema\/person\/44406eb2972b66a149aef8ba4ffc131c"},"headline":"Vorl\u00e4ufiger Kalender 2025","datePublished":"2025-02-07T18:49:34+00:00","dateModified":"2025-02-13T19:24:40+00:00","mainEntityOfPage":{"@id":"https:\/\/alpencupmx.eu\/vorlaeufiger-kalender-2025\/"},"wordCount":428,"image":{"@id":"https:\/\/alpencupmx.eu\/vorlaeufiger-kalender-2025\/#primaryimage"},"thumbnailUrl":"https:\/\/alpencupmx.eu\/wp-content\/uploads\/2024\/07\/2024_Alpencup_Hohenlinden_Samstag_Top_IMG_0460.jpg","keywords":["alpencup 2025"],"articleSection":["Ank\u00fcndigungen","News","San\u00b4t Anna"],"inLanguage":"it-IT"},{"@type":"WebPage","@id":"https:\/\/alpencupmx.eu\/vorlaeufiger-kalender-2025\/","url":"https:\/\/alpencupmx.eu\/vorlaeufiger-kalender-2025\/","name":"Vorl\u00e4ufiger Kalender 2025 - Alpencup Motocross","isPartOf":{"@id":"https:\/\/alpencupmx.eu\/#website"},"primaryImageOfPage":{"@id":"https:\/\/alpencupmx.eu\/vorlaeufiger-kalender-2025\/#primaryimage"},"image":{"@id":"https:\/\/alpencupmx.eu\/vorlaeufiger-kalender-2025\/#primaryimage"},"thumbnailUrl":"https:\/\/alpencupmx.eu\/wp-content\/uploads\/2024\/07\/2024_Alpencup_Hohenlinden_Samstag_Top_IMG_0460.jpg","datePublished":"2025-02-07T18:49:34+00:00","dateModified":"2025-02-13T19:24:40+00:00","author":{"@id":"https:\/\/alpencupmx.eu\/#\/schema\/person\/44406eb2972b66a149aef8ba4ffc131c"},"description":"\u26a0\ufe0f Saisonupdate 2025 - Unser Rennkalender steht schon mal grob! Gern h\u00e4tten wir euch heute schon alle Infos gegeben, aber wir denken mit dem aktuellen Stand, habt ihr schon mal einen guten \u00dcberblick.","breadcrumb":{"@id":"https:\/\/alpencupmx.eu\/vorlaeufiger-kalender-2025\/#breadcrumb"},"inLanguage":"it-IT","potentialAction":[{"@type":"ReadAction","target":["https:\/\/alpencupmx.eu\/vorlaeufiger-kalender-2025\/"]}]},{"@type":"ImageObject","inLanguage":"it-IT","@id":"https:\/\/alpencupmx.eu\/vorlaeufiger-kalender-2025\/#primaryimage","url":"https:\/\/alpencupmx.eu\/wp-content\/uploads\/2024\/07\/2024_Alpencup_Hohenlinden_Samstag_Top_IMG_0460.jpg","contentUrl":"https:\/\/alpencupmx.eu\/wp-content\/uploads\/2024\/07\/2024_Alpencup_Hohenlinden_Samstag_Top_IMG_0460.jpg","width":2500,"height":1667,"caption":"Alpencup MX 2024 - Hohenlinden Samstag - Bild 27"},{"@type":"BreadcrumbList","@id":"https:\/\/alpencupmx.eu\/vorlaeufiger-kalender-2025\/#breadcrumb","itemListElement":[{"@type":"ListItem","position":1,"name":"Startseite","item":"https:\/\/alpencupmx.eu\/"},{"@type":"ListItem","position":2,"name":"Vorl\u00e4ufiger Kalender 2025"}]},{"@type":"WebSite","@id":"https:\/\/alpencupmx.eu\/#website","url":"https:\/\/alpencupmx.eu\/","name":"Alpencup Motocross","description":"Event Serie","potentialAction":[{"@type":"SearchAction","target":{"@type":"EntryPoint","urlTemplate":"https:\/\/alpencupmx.eu\/?s={search_term_string}"},"query-input":{"@type":"PropertyValueSpecification","valueRequired":true,"valueName":"search_term_string"}}],"inLanguage":"it-IT"},{"@type":"Person","@id":"https:\/\/alpencupmx.eu\/#\/schema\/person\/44406eb2972b66a149aef8ba4ffc131c","name":"admin","image":{"@type":"ImageObject","inLanguage":"it-IT","@id":"https:\/\/secure.gravatar.com\/avatar\/e5f0b4bafda3c5c3f53cf2e2a794bb775dec1e9d845f3c4a15d59a6af63d7e61?s=96&d=blank&r=g","url":"https:\/\/secure.gravatar.com\/avatar\/e5f0b4bafda3c5c3f53cf2e2a794bb775dec1e9d845f3c4a15d59a6af63d7e61?s=96&d=blank&r=g","contentUrl":"https:\/\/secure.gravatar.com\/avatar\/e5f0b4bafda3c5c3f53cf2e2a794bb775dec1e9d845f3c4a15d59a6af63d7e61?s=96&d=blank&r=g","caption":"admin"},"sameAs":["http:\/\/alpencupmx.eu"],"url":"https:\/\/alpencupmx.eu\/it_it\/author\/admin\/"}]}},"_links":{"self":[{"href":"https:\/\/alpencupmx.eu\/it_it\/wp-json\/wp\/v2\/posts\/11053","targetHints":{"allow":["GET"]}}],"collection":[{"href":"https:\/\/alpencupmx.eu\/it_it\/wp-json\/wp\/v2\/posts"}],"about":[{"href":"https:\/\/alpencupmx.eu\/it_it\/wp-json\/wp\/v2\/types\/post"}],"author":[{"embeddable":true,"href":"https:\/\/alpencupmx.eu\/it_it\/wp-json\/wp\/v2\/users\/1"}],"replies":[{"embeddable":true,"href":"https:\/\/alpencupmx.eu\/it_it\/wp-json\/wp\/v2\/comments?post=11053"}],"version-history":[{"count":5,"href":"https:\/\/alpencupmx.eu\/it_it\/wp-json\/wp\/v2\/posts\/11053\/revisions"}],"predecessor-version":[{"id":11059,"href":"https:\/\/alpencupmx.eu\/it_it\/wp-json\/wp\/v2\/posts\/11053\/revisions\/11059"}],"wp:featuredmedia":[{"embeddable":true,"href":"https:\/\/alpencupmx.eu\/it_it\/wp-json\/wp\/v2\/media\/9960"}],"wp:attachment":[{"href":"https:\/\/alpencupmx.eu\/it_it\/wp-json\/wp\/v2\/media?parent=11053"}],"wp:term":[{"taxonomy":"category","embeddable":true,"href":"https:\/\/alpencupmx.eu\/it_it\/wp-json\/wp\/v2\/categories?post=11053"},{"taxonomy":"post_tag","embeddable":true,"href":"https:\/\/alpencupmx.eu\/it_it\/wp-json\/wp\/v2\/tags?post=11053"}],"curies":[{"name":"wp","href":"https:\/\/api.w.org\/{rel}","templated":true}]}}